{"id":2225,"date":"2022-01-13T08:57:14","date_gmt":"2022-01-13T07:57:14","guid":{"rendered":"https:\/\/home.agh.edu.pl\/~zuchowsk\/?p=2225"},"modified":"2022-12-10T23:03:23","modified_gmt":"2022-12-10T22:03:23","slug":"technologie-dostepu-czy-technologie-nierownosci-o-niepelnosprawnosci-przyszlosci-i-nowych-technologiach","status":"publish","type":"post","link":"https:\/\/home.agh.edu.pl\/~zuchowsk\/?p=2225","title":{"rendered":"&#8222;Technologie dost\u0119pu, czy technologie nier\u00f3wno\u015bci? O niepe\u0142nosprawno\u015bci, przysz\u0142o\u015bci i (nowych) technologiach&#8221;."},"content":{"rendered":"\t\t<div data-elementor-type=\"wp-post\" data-elementor-id=\"2225\" class=\"elementor elementor-2225\" data-elementor-settings=\"[]\">\n\t\t\t\t\t\t<div class=\"elementor-inner\">\n\t\t\t\t\t\t\t<div class=\"elementor-section-wrap\">\n\t\t\t\t\t\t\t<section class=\"elementor-section elementor-top-section elementor-element elementor-element-e891c11 elementor-section-full_width elementor-section-height-default elementor-section-height-default\" data-id=\"e891c11\" data-element_type=\"section\">\n\t\t\t\t\t\t<div class=\"elementor-container elementor-column-gap-default\">\n\t\t\t\t\t\t\t<div class=\"elementor-row\">\n\t\t\t\t\t<div class=\"elementor-column elementor-col-100 elementor-top-column elementor-element elementor-element-c71206f\" data-id=\"c71206f\" data-element_type=\"column\">\n\t\t\t<div class=\"elementor-column-wrap elementor-element-populated\">\n\t\t\t\t\t\t\t<div class=\"elementor-widget-wrap\">\n\t\t\t\t\t\t<div class=\"elementor-element elementor-element-5b95b2e elementor-widget elementor-widget-text-editor\" data-id=\"5b95b2e\" data-element_type=\"widget\" data-widget_type=\"text-editor.default\">\n\t\t\t\t<div class=\"elementor-widget-container\">\n\t\t\t\t\t\t\t\t<div class=\"elementor-text-editor elementor-clearfix\">\n\t\t\t\t<div dir=\"auto\">25 stycznia o godzinie 17.00 b\u0119d\u0119 mia\u0142a przyjemno\u015b\u0107 wraz <a class=\"oajrlxb2 g5ia77u1 qu0x051f esr5mh6w e9989ue4 r7d6kgcz rq0escxv nhd2j8a9 nc684nl6 p7hjln8o kvgmc6g5 cxmmr5t8 oygrvhab hcukyx3x jb3vyjys rz4wbd8a qt6c0cv9 a8nywdso i1ao9s8h esuyzwwr f1sip0of lzcic4wl gpro0wi8 q66pz984 b1v8xokw\" tabindex=\"0\" role=\"link\" href=\"https:\/\/www.facebook.com\/adriana.winogrodzka?__cft__[0]=AZXLeSbxEHNo51ZTM3Swhwv-4AZVOOCAm1QEuRm6vT5gKoNE_B8dQy1RyoTqMU5W3C8ILu9gzNzE05wLDK3OGaBBPnxNK1l8miYyCkflZP8Fs_IgECoLezxPxrABBEDVkpM&amp;__tn__=-]K-R\"><span class=\"nc684nl6\">Adriana Winogrodzka-Kmak<\/span><\/a> porozmawia\u0107 o z\u0142o\u017conych relacjach mi\u0119dzy technologiami a niepe\u0142nosprawno\u015bci\u0105 w ramach Laboratorium Spo\u0142eczno-Technologicznego (SoTechLab) pt. <a href=\"https:\/\/fb.me\/e\/1y2xTeE\">&#8222;Technologie dost\u0119pu, czy technologie nier\u00f3wno\u015bci? O niepe\u0142nosprawno\u015bci, przysz\u0142o\u015bci i (nowych) technologiach&#8221;.<\/a> Uczestniczkami i uczestnikami b\u0119d\u0105 Anna Olszewska, <a class=\"oajrlxb2 g5ia77u1 qu0x051f esr5mh6w e9989ue4 r7d6kgcz rq0escxv nhd2j8a9 nc684nl6 p7hjln8o kvgmc6g5 cxmmr5t8 oygrvhab hcukyx3x jb3vyjys rz4wbd8a qt6c0cv9 a8nywdso i1ao9s8h esuyzwwr f1sip0of lzcic4wl gpro0wi8 q66pz984 b1v8xokw\" tabindex=\"0\" role=\"link\" href=\"https:\/\/www.facebook.com\/m.n.dubiel?__cft__[0]=AZXLeSbxEHNo51ZTM3Swhwv-4AZVOOCAm1QEuRm6vT5gKoNE_B8dQy1RyoTqMU5W3C8ILu9gzNzE05wLDK3OGaBBPnxNK1l8miYyCkflZP8Fs_IgECoLezxPxrABBEDVkpM&amp;__tn__=-]K-R\"><span class=\"nc684nl6\">Monika Dubiel<\/span><\/a>, <a class=\"oajrlxb2 g5ia77u1 qu0x051f esr5mh6w e9989ue4 r7d6kgcz rq0escxv nhd2j8a9 nc684nl6 p7hjln8o kvgmc6g5 cxmmr5t8 oygrvhab hcukyx3x jb3vyjys rz4wbd8a qt6c0cv9 a8nywdso i1ao9s8h esuyzwwr f1sip0of lzcic4wl gpro0wi8 q66pz984 b1v8xokw\" tabindex=\"0\" role=\"link\" href=\"https:\/\/www.facebook.com\/wojtek.figiel?__cft__[0]=AZXLeSbxEHNo51ZTM3Swhwv-4AZVOOCAm1QEuRm6vT5gKoNE_B8dQy1RyoTqMU5W3C8ILu9gzNzE05wLDK3OGaBBPnxNK1l8miYyCkflZP8Fs_IgECoLezxPxrABBEDVkpM&amp;__tn__=-]K-R\"><span class=\"nc684nl6\">Wojtek Figiel<\/span><\/a>, <a class=\"oajrlxb2 g5ia77u1 qu0x051f esr5mh6w e9989ue4 r7d6kgcz rq0escxv nhd2j8a9 nc684nl6 p7hjln8o kvgmc6g5 cxmmr5t8 oygrvhab hcukyx3x jb3vyjys rz4wbd8a qt6c0cv9 a8nywdso i1ao9s8h esuyzwwr f1sip0of lzcic4wl gpro0wi8 q66pz984 b1v8xokw\" tabindex=\"0\" role=\"link\" href=\"https:\/\/www.facebook.com\/michael.jonek?__cft__[0]=AZXLeSbxEHNo51ZTM3Swhwv-4AZVOOCAm1QEuRm6vT5gKoNE_B8dQy1RyoTqMU5W3C8ILu9gzNzE05wLDK3OGaBBPnxNK1l8miYyCkflZP8Fs_IgECoLezxPxrABBEDVkpM&amp;__tn__=-]K-R\"><span class=\"nc684nl6\">Michael Jonek<\/span><\/a>.<\/div><div dir=\"auto\">\u00a0<\/div><div dir=\"auto\">Zapraszam serdecznie!<\/div>\t\t\t\t\t<\/div>\n\t\t\t\t\t\t<\/div>\n\t\t\t\t<\/div>\n\t\t\t\t\t\t<\/div>\n\t\t\t\t\t<\/div>\n\t\t<\/div>\n\t\t\t\t\t\t\t\t<\/div>\n\t\t\t\t\t<\/div>\n\t\t<\/section>\n\t\t\t\t<section class=\"elementor-section elementor-top-section elementor-element elementor-element-8f3c7e4 elementor-section-full_width elementor-section-height-default elementor-section-height-default\" data-id=\"8f3c7e4\" data-element_type=\"section\">\n\t\t\t\t\t\t<div class=\"elementor-container elementor-column-gap-default\">\n\t\t\t\t\t\t\t<div class=\"elementor-row\">\n\t\t\t\t\t<div class=\"elementor-column elementor-col-100 elementor-top-column elementor-element elementor-element-86c3cac\" data-id=\"86c3cac\" data-element_type=\"column\">\n\t\t\t<div class=\"elementor-column-wrap elementor-element-populated\">\n\t\t\t\t\t\t\t<div class=\"elementor-widget-wrap\">\n\t\t\t\t\t\t<div class=\"elementor-element elementor-element-ba69db6 elementor-widget elementor-widget-text-editor\" data-id=\"ba69db6\" data-element_type=\"widget\" data-widget_type=\"text-editor.default\">\n\t\t\t\t<div class=\"elementor-widget-container\">\n\t\t\t\t\t\t\t\t<div class=\"elementor-text-editor elementor-clearfix\">\n\t\t\t\t<div class=\"x11i5rnm xat24cr x1mh8g0r x1vvkbs xtlvy1s\">Za spraw\u0105 epidemii wywo\u0142anej wirusem Covid-19, przyspieszeniu uleg\u0142 proces wirtualizacji \u017cycia codziennego. W wyniku konieczno\u015bci przeniesienia znacznej cz\u0119\u015bci aktywno\u015bci do internetu wzros\u0142a rola tego medium jako przestrzeni, w ramach kt\u00f3rej realizowane by\u0142y zar\u00f3wno praca, edukacja, uczestnictwo w kulturze, opieka medyczna jak i dzia\u0142ania zwi\u0105zane z codziennym \u017cyciem. W tym kontek\u015bcie istotnej wagi nabiera dzi\u015b pytanie o relacje pomi\u0119dzy nowoczesnymi technologiami a niepe\u0142nosprawno\u015bci\u0105.<br>W dyskursie publicznym innowacje technologiczne s\u0105 przedstawiane jako narz\u0119dzia zdolne zapewni\u0107 samodzielne funkcjonowanie osobom z niepe\u0142nosprawno\u015bciami w \u017cyciu codziennym. Prezentowane s\u0105 wynalazki, takie jak: protezy sterowane my\u015blami, pady i myszki poruszane przez osoby z niewielk\u0105 ruchomo\u015bci\u0105 d\u0142oni, aplikacje i programy wspieraj\u0105ce komunikacj\u0119 z niepe\u0142nosprawno\u015bciami i umo\u017cliwiaj\u0105ce im podj\u0119cie aktywno\u015bci edukacyjnej, zawodowej, kulturalnej, spo\u0142ecznej i publicznej np. czytniki ekranu, syntezatory mowy, czaty oraz wideo-rozmowy i wideot\u0142umacz. Jednak pomimo potencja\u0142u w\u0142\u0105czaj\u0105cego tkwi\u0105cego w nowoczesnych technologiach, wiele z nich opiera si\u0119 na skomplikowanych rozwi\u0105zaniach, kt\u00f3re s\u0105 kosztowne oraz wymagaj\u0105 specjalnych umiej\u0119tno\u015bci i kompetencji cyfrowych. W rezultacie zamiast wspomaga\u0107, mog\u0105 one generowa\u0107 nier\u00f3wno\u015bci w dost\u0119pie i prowadzi\u0107 do cyfrowego wykluczenia. Relacje mi\u0119dzy niepe\u0142nosprawno\u015bci\u0105 a technologi\u0105 s\u0105 z\u0142o\u017cone i wymagaj\u0105 pog\u0142\u0119bionej dyskusji nad technologiczn\u0105 dost\u0119pno\u015bci\u0105 oraz budowaniem przyjaznego otoczenia dla os\u00f3b z niepe\u0142nosprawno\u015bciami. Dyskusji tej b\u0119dzie po\u015bwi\u0119cone nasze spotkanie.<\/div>\n<div class=\"x11i5rnm xat24cr x1mh8g0r x1vvkbs xtlvy1s\">&nbsp;<\/div>\n<div class=\"x11i5rnm xat24cr x1mh8g0r x1vvkbs xtlvy1s\">W debacie udzia\u0142 wezm\u0105:<\/div>\n<div class=\"x11i5rnm xat24cr x1mh8g0r x1vvkbs xtlvy1s\">&#8211; Monika Dubiel UW, doktorantka na UW, VIP Team<br>&#8211; dr Wojciech Figiel, UW, Instytut Lingwistyki Stosowanej<br>&#8211; Michael Jonek, Politechnika Opolska<br>&#8211; dr Anna Olszewska, AGH, Wydzia\u0142 Humanistyczny<\/div>\n<div class=\"x11i5rnm xat24cr x1mh8g0r x1vvkbs xtlvy1s\">&nbsp;<\/div>\n<div class=\"x11i5rnm xat24cr x1mh8g0r x1vvkbs xtlvy1s\">Miejsce: Online \/ MS Teams:&nbsp;<a class=\"x1i10hfl xjbqb8w x6umtig x1b1mbwd xaqea5y xav7gou x9f619 x1ypdohk xt0psk2 xe8uvvx xdj266r x11i5rnm xat24cr x1mh8g0r xexx8yu x4uap5 x18d9i69 xkhd6sd x16tdsg8 x1hl2dhg xggy1nq x1a2a7pz xt0b8zv x1fey0fg\" tabindex=\"0\" role=\"link\" href=\"https:\/\/teams.microsoft.com\/l\/meetup-join\/19%3ameeting_MzZjYzEwNjAtM2FlYi00MjYxLTg2NzUtMDkwMmQ2NzI2YjQ4%40thread.v2\/0?context=%7B%22Tid%22%3A%2280b1033f-21e0-4a82-bbc0-f05fdccd3bc8%22%2C%22Oid%22%3A%2252b4d0e2-3d09-4532-898d-0c192ec9e779%22%7D&amp;fbclid=IwAR0o22jQ31TcwnZ9_HRynzd6CcpbhaS7SPgFCW6GicLfYTnXfGDuUmIZl9I\" target=\"_blank\" rel=\"nofollow noopener\">https:\/\/teams.microsoft.com\/l\/meetup-join\/19%3ameeting_MzZjYzEwNjAtM2FlYi00MjYxLTg2NzUtMDkwMmQ2NzI2YjQ4%40thread.v2\/0?context=%7b%22Tid%22%3a%2280b1033f-21e0-4a82-bbc0-f05fdccd3bc8%22%2c%22Oid%22%3a%2252b4d0e2-3d09-4532-898d-0c192ec9e779%22%7d<\/a><\/div>\n<div class=\"x11i5rnm xat24cr x1mh8g0r x1vvkbs xtlvy1s\"><span style=\"font-size: 0.9375rem;\">Wiecej informacji: <\/span><a class=\"oajrlxb2 g5ia77u1 qu0x051f esr5mh6w e9989ue4 r7d6kgcz rq0escxv nhd2j8a9 nc684nl6 p7hjln8o kvgmc6g5 cxmmr5t8 oygrvhab hcukyx3x jb3vyjys rz4wbd8a qt6c0cv9 a8nywdso i1ao9s8h esuyzwwr f1sip0of lzcic4wl gpro0wi8 py34i1dx\" tabindex=\"0\" role=\"link\" href=\"https:\/\/fb.me\/e\/1y2xTeEyH\" target=\"_blank\" rel=\"nofollow noopener\" style=\"background-color: rgb(255, 255, 255); font-size: 0.9375rem;\">https:\/\/fb.me\/e\/1y2xTeEyH<\/a><br><\/div>\n<div class=\"x11i5rnm xat24cr x1mh8g0r x1vvkbs xtlvy1s\">&nbsp;<\/div>\t\t\t\t\t<\/div>\n\t\t\t\t\t\t<\/div>\n\t\t\t\t<\/div>\n\t\t\t\t\t\t<\/div>\n\t\t\t\t\t<\/div>\n\t\t<\/div>\n\t\t\t\t\t\t\t\t<\/div>\n\t\t\t\t\t<\/div>\n\t\t<\/section>\n\t\t\t\t\t\t<\/div>\n\t\t\t\t\t\t<\/div>\n\t\t\t\t\t<\/div>\n\t\t","protected":false},"excerpt":{"rendered":"<p>25 stycznia o godzinie 17.00 b\u0119d\u0119 mia\u0142a przyjemno\u015b\u0107 wraz Adriana Winogrodzka-Kmak porozmawia\u0107 o z\u0142o\u017conych relacjach mi\u0119dzy technologiami a niepe\u0142nosprawno\u015bci\u0105 w ramach Laboratorium Spo\u0142eczno-Technologicznego (SoTechLab) pt. &#8222;Technologie dost\u0119pu, czy technologie nier\u00f3wno\u015bci? O niepe\u0142nosprawno\u015bci, przysz\u0142o\u015bci i (nowych) technologiach&#8221;. Uczestniczkami i uczestnikami b\u0119d\u0105 Anna Olszewska, Monika Dubiel, Wojtek Figiel, Michael Jonek.\u00a0Zapraszam serdecznie!Za spraw\u0105&#8230;<\/p>\n","protected":false},"author":1,"featured_media":0,"comment_status":"closed","ping_status":"closed","sticky":false,"template":"","format":"standard","meta":{"footnotes":""},"categories":[1],"tags":[],"class_list":["post-2225","post","type-post","status-publish","format-standard","hentry","category-inne"],"_links":{"self":[{"href":"https:\/\/home.agh.edu.pl\/~zuchowsk\/index.php?rest_route=\/wp\/v2\/posts\/2225","targetHints":{"allow":["GET"]}}],"collection":[{"href":"https:\/\/home.agh.edu.pl\/~zuchowsk\/index.php?rest_route=\/wp\/v2\/posts"}],"about":[{"href":"https:\/\/home.agh.edu.pl\/~zuchowsk\/index.php?rest_route=\/wp\/v2\/types\/post"}],"author":[{"embeddable":true,"href":"https:\/\/home.agh.edu.pl\/~zuchowsk\/index.php?rest_route=\/wp\/v2\/users\/1"}],"replies":[{"embeddable":true,"href":"https:\/\/home.agh.edu.pl\/~zuchowsk\/index.php?rest_route=%2Fwp%2Fv2%2Fcomments&post=2225"}],"version-history":[{"count":7,"href":"https:\/\/home.agh.edu.pl\/~zuchowsk\/index.php?rest_route=\/wp\/v2\/posts\/2225\/revisions"}],"predecessor-version":[{"id":2418,"href":"https:\/\/home.agh.edu.pl\/~zuchowsk\/index.php?rest_route=\/wp\/v2\/posts\/2225\/revisions\/2418"}],"wp:attachment":[{"href":"https:\/\/home.agh.edu.pl\/~zuchowsk\/index.php?rest_route=%2Fwp%2Fv2%2Fmedia&parent=2225"}],"wp:term":[{"taxonomy":"category","embeddable":true,"href":"https:\/\/home.agh.edu.pl\/~zuchowsk\/index.php?rest_route=%2Fwp%2Fv2%2Fcategories&post=2225"},{"taxonomy":"post_tag","embeddable":true,"href":"https:\/\/home.agh.edu.pl\/~zuchowsk\/index.php?rest_route=%2Fwp%2Fv2%2Ftags&post=2225"}],"curies":[{"name":"wp","href":"https:\/\/api.w.org\/{rel}","templated":true}]}}